{"id":771,"date":"2021-09-21T15:40:00","date_gmt":"2021-09-21T13:40:00","guid":{"rendered":"http:\/\/www-reynal.ensea.fr\/?p=771"},"modified":"2022-04-26T17:46:35","modified_gmt":"2022-04-26T15:46:35","slug":"cycle-de-conferences-art-sciences","status":"publish","type":"post","link":"https:\/\/reynal.etis-lab.fr\/?p=771","title":{"rendered":"Cycle de conf\u00e9rences art &#038; sciences"},"content":{"rendered":"\n<p>Vendredi 1er et 8 octobre 2021 \u00e0 9h30 je donnerai deux conf\u00e9rences dans le cadre d\u2019un cycle consacr\u00e9 aux interactions art et sciences \u00e0 l\u2019UIA Pontoise :<\/p>\n\n\n\n<p><strong>L&#8217;artiste en critique po\u00e9tique du progr\u00e8s technique&nbsp;?<\/strong><\/p>\n\n\n\n<p>Des \u0153uvres de Marcel Duchamp utilisant l&#8217;al\u00e9atoire aux robots de Bill Vorn, des sculptures nanom\u00e9triques de Bernard Paysan aux transfusions de sang de cheval re\u00e7ues par la performeuse Marion Laval, les liens entre art et sciences n&#8217;ont jamais cess\u00e9 de se renforcer tout au long du XX\u00e8me si\u00e8cle.<\/p>\n\n\n\n<p>Peut-on alors consid\u00e9rer que les artistes sont les derniers critiques d&#8217;un progr\u00e8s technique qui depuis trois si\u00e8cles constitue le socle fondateur des d\u00e9mocraties occidentales\u00a0? En sublimant notre rapport \u00e0 la technologie \u00e0 travers une \u0153uvre d&#8217;art, contribuent-ils \u00e0 redonner \u00e0 celle-ci la part de myst\u00e8re et d&#8217;\u00e9tranget\u00e9 qui lui fait d\u00e9faut\u00a0?<\/p>\n\n\n\n<p>Des puces RFID sous-cutan\u00e9es d&#8217;Eduardo Kac aux \u0153uvres tr\u00e8s r\u00e9centes de Tomas Sarac\u00e9no construites \u00e0 partir de gigantesques toiles d&#8217;araign\u00e9es, nous proposerons dans cet expos\u00e9 un cheminement dans l&#8217;histoire riche, complexe et parfois tragique du dialogue entre les artistes et les sciences de leur temps.<\/p>\n\n\n\n<p><strong>Du jet de d\u00e9s \u00e0 l&#8217;Intelligence Artificielle&nbsp;: la fin des artistes&nbsp;?<\/strong><\/p>\n\n\n\n<p>Depuis les ann\u00e9es 60, de nombreux artistes ont int\u00e9gr\u00e9 des algorithmes dans leurs oeuvres, qu&#8217;on songe au compositeur Iannis Xenakis ou \u00e0 l&#8217;artiste peintre Vera Molnar. Les outils math\u00e9matiques ont nourri l&#8217;inspiration d&#8217;une g\u00e9n\u00e9ration d&#8217;artistes plasticiens, compositeurs ou sculpteurs, qui les ont pleinement int\u00e9gr\u00e9 dans leur processus cr\u00e9atif.<\/p>\n\n\n\n<p>Mais depuis quelques ann\u00e9es, ce sont d\u00e9sormais des outils de cr\u00e9ation bas\u00e9s sur l&#8217;Intelligence Artificielle qui voient le jour.<\/p>\n\n\n\n<p>Pourtant, est-ce aussi simple\u00a0? Une Intelligence Artificielle peut-elle v\u00e9ritablement \u00eatre cr\u00e9ative\u00a0? Et d&#8217;abord, qu&#8217;est-ce qui d\u00e9finit la cr\u00e9ativit\u00e9 de l&#8217;artiste\u00a0? Quel r\u00f4le joue l&#8217;acte manqu\u00e9 dans la cr\u00e9ation d&#8217;une \u0153uvre ? Quel forme d&#8217;art peut produire une IA\u00a0? Cet expos\u00e9 proposera quelques \u00e9l\u00e9ments de r\u00e9ponse, en convoquant notamment des philosophes s&#8217;\u00e9tant interrog\u00e9s sur le rapport de l&#8217;homme \u00e0 la machine automatique, dont G\u00fcnther Anders, Ernst Bloch et Jean Baudrillard.<\/p>\n","protected":false},"excerpt":{"rendered":"<p>Vendredi 1er et 8 octobre 2021 \u00e0 9h30 je donnerai deux conf\u00e9rences dans le cadre d\u2019un cycle consacr\u00e9 aux interactions art et sciences \u00e0 l\u2019UIA Pontoise : L&#8217;artiste en critique po\u00e9tique du progr\u00e8s technique&nbsp;? Des \u0153uvres de Marcel Duchamp utilisant l&#8217;al\u00e9atoire aux robots de Bill Vorn, des sculptures nanom\u00e9triques de Bernard Paysan aux transfusions de &hellip; <\/p>\n<p class=\"link-more\"><a href=\"https:\/\/reynal.etis-lab.fr\/?p=771\" class=\"more-link\">Continue reading<span class=\"screen-reader-text\"> &#8220;Cycle de conf\u00e9rences art &#038; sciences&#8221;<\/span><\/a><\/p>\n","protected":false},"author":1,"featured_media":0,"comment_status":"closed","ping_status":"open","sticky":false,"template":"","format":"standard","meta":{"footnotes":""},"categories":[1],"tags":[],"class_list":["post-771","post","type-post","status-publish","format-standard","hentry","category-uncategorized"],"_links":{"self":[{"href":"https:\/\/reynal.etis-lab.fr\/index.php?rest_route=\/wp\/v2\/posts\/771","targetHints":{"allow":["GET"]}}],"collection":[{"href":"https:\/\/reynal.etis-lab.fr\/index.php?rest_route=\/wp\/v2\/posts"}],"about":[{"href":"https:\/\/reynal.etis-lab.fr\/index.php?rest_route=\/wp\/v2\/types\/post"}],"author":[{"embeddable":true,"href":"https:\/\/reynal.etis-lab.fr\/index.php?rest_route=\/wp\/v2\/users\/1"}],"replies":[{"embeddable":true,"href":"https:\/\/reynal.etis-lab.fr\/index.php?rest_route=%2Fwp%2Fv2%2Fcomments&post=771"}],"version-history":[{"count":1,"href":"https:\/\/reynal.etis-lab.fr\/index.php?rest_route=\/wp\/v2\/posts\/771\/revisions"}],"predecessor-version":[{"id":772,"href":"https:\/\/reynal.etis-lab.fr\/index.php?rest_route=\/wp\/v2\/posts\/771\/revisions\/772"}],"wp:attachment":[{"href":"https:\/\/reynal.etis-lab.fr\/index.php?rest_route=%2Fwp%2Fv2%2Fmedia&parent=771"}],"wp:term":[{"taxonomy":"category","embeddable":true,"href":"https:\/\/reynal.etis-lab.fr\/index.php?rest_route=%2Fwp%2Fv2%2Fcategories&post=771"},{"taxonomy":"post_tag","embeddable":true,"href":"https:\/\/reynal.etis-lab.fr\/index.php?rest_route=%2Fwp%2Fv2%2Ftags&post=771"}],"curies":[{"name":"wp","href":"https:\/\/api.w.org\/{rel}","templated":true}]}}