{"id":766,"date":"2021-11-04T17:32:00","date_gmt":"2021-11-04T15:32:00","guid":{"rendered":"http:\/\/www-reynal.ensea.fr\/?p=766"},"modified":"2022-04-26T17:53:45","modified_gmt":"2022-04-26T15:53:45","slug":"conference-droles-dobjets-un-nouvel-art-de-faire","status":"publish","type":"post","link":"https:\/\/reynal.etis-lab.fr\/?p=766","title":{"rendered":"Conf\u00e9rence &#8220;Dr\u00f4les d&#8217;objets : Un nouvel art de faire&#8221; : entre l&#8217;intime et l&#8217;universel, l&#8217;ing\u00e9nieur face \u00e0 l&#8217;ambivalence du sujet."},"content":{"rendered":"\n<p>Je suis intervenu \u00e0 la conf\u00e9rence <a href=\"https:\/\/drolesdobjets20.sciencesconf.org\/\">Dr\u00f4les d&#8217;objets<\/a> qui avait lieu \u00e0 La Rochelle du 27 au 29 octobre 2021 (&#8220;Robots, artefacts autonomes, objets connect\u00e9s : comment concevoir et appr\u00e9hender ces <em>dr\u00f4les d\u2019objets<\/em> qui renouvellent nos interactions avec les autres comme avec le monde ?&#8221;). J&#8217;ai propos\u00e9 dans mon intervention &#8211; avec travers le prisme des interactions art &amp; sciences &#8211; une r\u00e9flexion sur l&#8217;ambivalence du sujet post-moderne dans sa relation aux machines automatiques : comment l&#8217;artiste peut-il s&#8217;emparer de la tension qui structure le sujet post-moderne entre promesses de libert\u00e9s et <em>protocolisation<\/em> des formes d&#8217;existence ? entre <em>mythologie de la transparence<\/em> et fragile singularit\u00e9 des existences ?  entre, en quelque sorte, l&#8217;<em>intime<\/em> et <em>l&#8217;universel<\/em> ? Retrouvez la publication dans les actes de la conf\u00e9rence <a href=\"https:\/\/zenodo.org\/record\/6059677#.YmgQKPNBz0o\">ici<\/a>.<\/p>\n","protected":false},"excerpt":{"rendered":"<p>Je suis intervenu \u00e0 la conf\u00e9rence Dr\u00f4les d&#8217;objets qui avait lieu \u00e0 La Rochelle du 27 au 29 octobre 2021 (&#8220;Robots, artefacts autonomes, objets connect\u00e9s : comment concevoir et appr\u00e9hender ces dr\u00f4les d\u2019objets qui renouvellent nos interactions avec les autres comme avec le monde ?&#8221;). J&#8217;ai propos\u00e9 dans mon intervention &#8211; avec travers le prisme &hellip; <\/p>\n<p class=\"link-more\"><a href=\"https:\/\/reynal.etis-lab.fr\/?p=766\" class=\"more-link\">Continue reading<span class=\"screen-reader-text\"> &#8220;Conf\u00e9rence &#8220;Dr\u00f4les d&#8217;objets : Un nouvel art de faire&#8221; : entre l&#8217;intime et l&#8217;universel, l&#8217;ing\u00e9nieur face \u00e0 l&#8217;ambivalence du sujet.&#8221;<\/span><\/a><\/p>\n","protected":false},"author":1,"featured_media":0,"comment_status":"closed","ping_status":"open","sticky":false,"template":"","format":"standard","meta":{"footnotes":""},"categories":[1],"tags":[],"class_list":["post-766","post","type-post","status-publish","format-standard","hentry","category-uncategorized"],"_links":{"self":[{"href":"https:\/\/reynal.etis-lab.fr\/index.php?rest_route=\/wp\/v2\/posts\/766","targetHints":{"allow":["GET"]}}],"collection":[{"href":"https:\/\/reynal.etis-lab.fr\/index.php?rest_route=\/wp\/v2\/posts"}],"about":[{"href":"https:\/\/reynal.etis-lab.fr\/index.php?rest_route=\/wp\/v2\/types\/post"}],"author":[{"embeddable":true,"href":"https:\/\/reynal.etis-lab.fr\/index.php?rest_route=\/wp\/v2\/users\/1"}],"replies":[{"embeddable":true,"href":"https:\/\/reynal.etis-lab.fr\/index.php?rest_route=%2Fwp%2Fv2%2Fcomments&post=766"}],"version-history":[{"count":4,"href":"https:\/\/reynal.etis-lab.fr\/index.php?rest_route=\/wp\/v2\/posts\/766\/revisions"}],"predecessor-version":[{"id":774,"href":"https:\/\/reynal.etis-lab.fr\/index.php?rest_route=\/wp\/v2\/posts\/766\/revisions\/774"}],"wp:attachment":[{"href":"https:\/\/reynal.etis-lab.fr\/index.php?rest_route=%2Fwp%2Fv2%2Fmedia&parent=766"}],"wp:term":[{"taxonomy":"category","embeddable":true,"href":"https:\/\/reynal.etis-lab.fr\/index.php?rest_route=%2Fwp%2Fv2%2Fcategories&post=766"},{"taxonomy":"post_tag","embeddable":true,"href":"https:\/\/reynal.etis-lab.fr\/index.php?rest_route=%2Fwp%2Fv2%2Ftags&post=766"}],"curies":[{"name":"wp","href":"https:\/\/api.w.org\/{rel}","templated":true}]}}