{"id":717,"date":"2021-04-10T18:57:00","date_gmt":"2021-04-10T16:57:00","guid":{"rendered":"http:\/\/www-reynal.ensea.fr\/?p=717"},"modified":"2021-06-10T23:23:56","modified_gmt":"2021-06-10T21:23:56","slug":"loeuvre-immaterielle-un-meme-sans-histoire","status":"publish","type":"post","link":"https:\/\/reynal.etis-lab.fr\/?p=717","title":{"rendered":"L&#8217;\u0153uvre immat\u00e9rielle, un m\u00eame sans histoire ? (publication)"},"content":{"rendered":"\n<p>L&#8217;ouvrage collectif &#8220;Changements d\u2019\u00e9chelle : Les arts confront\u00e9s au r\u00e9el&#8221;, dirig\u00e9 par Josette F\u00e9ral et auquel j&#8217;ai particip\u00e9, vient d&#8217;\u00eatre publi\u00e9 aux \u00e9ditions <a href=\"http:\/\/www.editionsmimesis.fr\/catalogue\/changements-dechelle\/\">Mimesis<\/a>. J&#8217;y propose un travail r\u00e9flexif sur l\u2019historicit\u00e9 de l\u2019\u0153uvre d\u2019art num\u00e9rique, sur les changements d\u2019\u00e9chelles (notamment d\u2019\u00e9chelles de temps et d\u2019entropie) qui accompagnent le passage de l\u2019oeuvre mat\u00e9rielle \u00e0 l\u2019oeuvre immat\u00e9rielle et sur les nouvelles pratiques artistiques que ce changement pourrait stimuler.<\/p>\n\n\n\n<figure class=\"wp-block-image size-large\"><img decoding=\"async\" src=\"http:\/\/www.editionsmimesis.fr\/wp-content\/uploads\/9788869762093.jpg\" alt=\"\"\/><\/figure>\n","protected":false},"excerpt":{"rendered":"<p>L&#8217;ouvrage collectif &#8220;Changements d\u2019\u00e9chelle : Les arts confront\u00e9s au r\u00e9el&#8221;, dirig\u00e9 par Josette F\u00e9ral et auquel j&#8217;ai particip\u00e9, vient d&#8217;\u00eatre publi\u00e9 aux \u00e9ditions Mimesis. J&#8217;y propose un travail r\u00e9flexif sur l\u2019historicit\u00e9 de l\u2019\u0153uvre d\u2019art num\u00e9rique, sur les changements d\u2019\u00e9chelles (notamment d\u2019\u00e9chelles de temps et d\u2019entropie) qui accompagnent le passage de l\u2019oeuvre mat\u00e9rielle \u00e0 l\u2019oeuvre immat\u00e9rielle &hellip; <\/p>\n<p class=\"link-more\"><a href=\"https:\/\/reynal.etis-lab.fr\/?p=717\" class=\"more-link\">Continue reading<span class=\"screen-reader-text\"> &#8220;L&#8217;\u0153uvre immat\u00e9rielle, un m\u00eame sans histoire ? (publication)&#8221;<\/span><\/a><\/p>\n","protected":false},"author":1,"featured_media":0,"comment_status":"closed","ping_status":"open","sticky":false,"template":"","format":"standard","meta":{"footnotes":""},"categories":[1],"tags":[],"class_list":["post-717","post","type-post","status-publish","format-standard","hentry","category-uncategorized"],"_links":{"self":[{"href":"https:\/\/reynal.etis-lab.fr\/index.php?rest_route=\/wp\/v2\/posts\/717","targetHints":{"allow":["GET"]}}],"collection":[{"href":"https:\/\/reynal.etis-lab.fr\/index.php?rest_route=\/wp\/v2\/posts"}],"about":[{"href":"https:\/\/reynal.etis-lab.fr\/index.php?rest_route=\/wp\/v2\/types\/post"}],"author":[{"embeddable":true,"href":"https:\/\/reynal.etis-lab.fr\/index.php?rest_route=\/wp\/v2\/users\/1"}],"replies":[{"embeddable":true,"href":"https:\/\/reynal.etis-lab.fr\/index.php?rest_route=%2Fwp%2Fv2%2Fcomments&post=717"}],"version-history":[{"count":2,"href":"https:\/\/reynal.etis-lab.fr\/index.php?rest_route=\/wp\/v2\/posts\/717\/revisions"}],"predecessor-version":[{"id":722,"href":"https:\/\/reynal.etis-lab.fr\/index.php?rest_route=\/wp\/v2\/posts\/717\/revisions\/722"}],"wp:attachment":[{"href":"https:\/\/reynal.etis-lab.fr\/index.php?rest_route=%2Fwp%2Fv2%2Fmedia&parent=717"}],"wp:term":[{"taxonomy":"category","embeddable":true,"href":"https:\/\/reynal.etis-lab.fr\/index.php?rest_route=%2Fwp%2Fv2%2Fcategories&post=717"},{"taxonomy":"post_tag","embeddable":true,"href":"https:\/\/reynal.etis-lab.fr\/index.php?rest_route=%2Fwp%2Fv2%2Ftags&post=717"}],"curies":[{"name":"wp","href":"https:\/\/api.w.org\/{rel}","templated":true}]}}