{"id":590,"date":"2019-10-10T00:56:42","date_gmt":"2019-10-09T22:56:42","guid":{"rendered":"http:\/\/www-reynal.ensea.fr\/?p=590"},"modified":"2019-11-10T01:02:14","modified_gmt":"2019-11-09T23:02:14","slug":"conference-intelligence-artificielle-ethique-et-politique-a-luia-pontoise-le-18-octobre-2019","status":"publish","type":"post","link":"https:\/\/reynal.etis-lab.fr\/?p=590","title":{"rendered":"Conf\u00e9rence &#8220;Intelligence artificielle, \u00e9thique et politique&#8221; \u00e0 l&#8217;UIA (Pontoise) le 18 octobre 2019"},"content":{"rendered":"\n<p><em>Vendredi 18 octobre  2019 je proposerai une conf\u00e9rence sur les enjeux politiques de l&#8217;Intelligence Artificielle et du Big Data \u00e0 l&#8217;UIA (Pontoise).<\/em><\/p>\n\n\n\n<p><em>En 2014 Stephen Hawking alertait sur le risque d\u2019une humanit\u00e9 d\u00e9pass\u00e9e par une intelligence artificielle devenue \u00ab&nbsp;surpuissante&nbsp;\u00bb. De fait, le progr\u00e8s technique a toujours pos\u00e9 des probl\u00e8mes \u00e9thiques. Parce que les technologies de collecte et traitement de masse des donn\u00e9es sont entre les mains de quelques grands acteurs extr\u00eamement puissants, c\u2019est \u00e9galement l\u2019organisation politique de la Cit\u00e9 qui est menac\u00e9e d\u2019alt\u00e9ration en profondeur, et avec elle, l\u2019essence m\u00eame du lien humain : l\u2019alt\u00e9rit\u00e9. Au travers de quelques grandes figures de la philosophie morale, je tenterai de fournir quelques outils  permettant au citoyen du XXI\u00e8me si\u00e8cle naissant de se forger une opinion \u00e9clair\u00e9e, pr\u00e9misse de d\u00e9cisions politiques responsables.<\/em><\/p>\n\n\n\n<p>Conf\u00e9rence \u00e0 l&#8217;UIA de Pontoise<br>9h30<br>UIA Pontoise<br>4 place du Parc aux Charrettes<br>95300 Pontoise<\/p>\n\n\n\n<p><\/p>\n","protected":false},"excerpt":{"rendered":"<p>Vendredi 18 octobre 2019 je proposerai une conf\u00e9rence sur les enjeux politiques de l&#8217;Intelligence Artificielle et du Big Data \u00e0 l&#8217;UIA (Pontoise). En 2014 Stephen Hawking alertait sur le risque d\u2019une humanit\u00e9 d\u00e9pass\u00e9e par une intelligence artificielle devenue \u00ab&nbsp;surpuissante&nbsp;\u00bb. De fait, le progr\u00e8s technique a toujours pos\u00e9 des probl\u00e8mes \u00e9thiques. Parce que les technologies de &hellip; <\/p>\n<p class=\"link-more\"><a href=\"https:\/\/reynal.etis-lab.fr\/?p=590\" class=\"more-link\">Continue reading<span class=\"screen-reader-text\"> &#8220;Conf\u00e9rence &#8220;Intelligence artificielle, \u00e9thique et politique&#8221; \u00e0 l&#8217;UIA (Pontoise) le 18 octobre 2019&#8243;<\/span><\/a><\/p>\n","protected":false},"author":1,"featured_media":0,"comment_status":"closed","ping_status":"open","sticky":false,"template":"","format":"standard","meta":{"footnotes":""},"categories":[1],"tags":[],"class_list":["post-590","post","type-post","status-publish","format-standard","hentry","category-uncategorized"],"_links":{"self":[{"href":"https:\/\/reynal.etis-lab.fr\/index.php?rest_route=\/wp\/v2\/posts\/590","targetHints":{"allow":["GET"]}}],"collection":[{"href":"https:\/\/reynal.etis-lab.fr\/index.php?rest_route=\/wp\/v2\/posts"}],"about":[{"href":"https:\/\/reynal.etis-lab.fr\/index.php?rest_route=\/wp\/v2\/types\/post"}],"author":[{"embeddable":true,"href":"https:\/\/reynal.etis-lab.fr\/index.php?rest_route=\/wp\/v2\/users\/1"}],"replies":[{"embeddable":true,"href":"https:\/\/reynal.etis-lab.fr\/index.php?rest_route=%2Fwp%2Fv2%2Fcomments&post=590"}],"version-history":[{"count":3,"href":"https:\/\/reynal.etis-lab.fr\/index.php?rest_route=\/wp\/v2\/posts\/590\/revisions"}],"predecessor-version":[{"id":593,"href":"https:\/\/reynal.etis-lab.fr\/index.php?rest_route=\/wp\/v2\/posts\/590\/revisions\/593"}],"wp:attachment":[{"href":"https:\/\/reynal.etis-lab.fr\/index.php?rest_route=%2Fwp%2Fv2%2Fmedia&parent=590"}],"wp:term":[{"taxonomy":"category","embeddable":true,"href":"https:\/\/reynal.etis-lab.fr\/index.php?rest_route=%2Fwp%2Fv2%2Fcategories&post=590"},{"taxonomy":"post_tag","embeddable":true,"href":"https:\/\/reynal.etis-lab.fr\/index.php?rest_route=%2Fwp%2Fv2%2Ftags&post=590"}],"curies":[{"name":"wp","href":"https:\/\/api.w.org\/{rel}","templated":true}]}}