{"id":1128,"date":"2025-04-06T14:53:59","date_gmt":"2025-04-06T12:53:59","guid":{"rendered":"https:\/\/reynal.etis-lab.fr\/?p=1128"},"modified":"2025-04-22T15:03:11","modified_gmt":"2025-04-22T13:03:11","slug":"projet-sylvia-fabrique-de-theatre-bastia-island-connect","status":"publish","type":"post","link":"https:\/\/reynal.etis-lab.fr\/?p=1128","title":{"rendered":"Projet Sylvia @ Fabrique de Th\u00e9\u00e2tre Bastia (Island Connect)"},"content":{"rendered":"\n<p>En collaboration avec la chor\u00e9graphe corse Laetitia Brighi (compagnie Danzateria) et le compositeur corse Laurent Gueirard, je participe du 7 au 18 avril 2025, \u00e0 la <a href=\"https:\/\/agenda.bastia.corsica\/lieux\/fabrique-de-theatre\/\">Fabrique de Th\u00e9\u00e2tre (Bastia)<\/a>, \u00e0 la premi\u00e8re r\u00e9sidence de recherche-cr\u00e9ation autour du projet <em>Sylvia<\/em>, un projet transdisciplinaire visant \u00e0 interroger l&#8217;articulation entre affects et r\u00e9gimes de v\u00e9rit\u00e9 dans la post-modernit\u00e9. La r\u00e9sidence est financ\u00e9e par le programme europ\u00e9en <a href=\"https:\/\/islandconnect.eu\/\">Island Connect<\/a>.<\/p>\n\n\n\n<figure class=\"wp-block-image size-full\"><a href=\"http:\/\/reynal.etis-lab.fr\/wp-content\/uploads\/2025\/04\/island-connect.png\"><img loading=\"lazy\" decoding=\"async\" width=\"1686\" height=\"1032\" src=\"http:\/\/reynal.etis-lab.fr\/wp-content\/uploads\/2025\/04\/island-connect.png\" alt=\"\" class=\"wp-image-1129\"\/><\/a><\/figure>\n","protected":false},"excerpt":{"rendered":"<p>En collaboration avec la chor\u00e9graphe corse Laetitia Brighi (compagnie Danzateria) et le compositeur corse Laurent Gueirard, je participe du 7 au 18 avril 2025, \u00e0 la Fabrique de Th\u00e9\u00e2tre (Bastia), \u00e0 la premi\u00e8re r\u00e9sidence de recherche-cr\u00e9ation autour du projet Sylvia, un projet transdisciplinaire visant \u00e0 interroger l&#8217;articulation entre affects et r\u00e9gimes de v\u00e9rit\u00e9 dans la &hellip; <\/p>\n<p class=\"link-more\"><a href=\"https:\/\/reynal.etis-lab.fr\/?p=1128\" class=\"more-link\">Continue reading<span class=\"screen-reader-text\"> &#8220;Projet Sylvia @ Fabrique de Th\u00e9\u00e2tre Bastia (Island Connect)&#8221;<\/span><\/a><\/p>\n","protected":false},"author":1,"featured_media":0,"comment_status":"closed","ping_status":"open","sticky":false,"template":"","format":"standard","meta":{"footnotes":""},"categories":[1],"tags":[],"class_list":["post-1128","post","type-post","status-publish","format-standard","hentry","category-uncategorized"],"_links":{"self":[{"href":"https:\/\/reynal.etis-lab.fr\/index.php?rest_route=\/wp\/v2\/posts\/1128","targetHints":{"allow":["GET"]}}],"collection":[{"href":"https:\/\/reynal.etis-lab.fr\/index.php?rest_route=\/wp\/v2\/posts"}],"about":[{"href":"https:\/\/reynal.etis-lab.fr\/index.php?rest_route=\/wp\/v2\/types\/post"}],"author":[{"embeddable":true,"href":"https:\/\/reynal.etis-lab.fr\/index.php?rest_route=\/wp\/v2\/users\/1"}],"replies":[{"embeddable":true,"href":"https:\/\/reynal.etis-lab.fr\/index.php?rest_route=%2Fwp%2Fv2%2Fcomments&post=1128"}],"version-history":[{"count":1,"href":"https:\/\/reynal.etis-lab.fr\/index.php?rest_route=\/wp\/v2\/posts\/1128\/revisions"}],"predecessor-version":[{"id":1130,"href":"https:\/\/reynal.etis-lab.fr\/index.php?rest_route=\/wp\/v2\/posts\/1128\/revisions\/1130"}],"wp:attachment":[{"href":"https:\/\/reynal.etis-lab.fr\/index.php?rest_route=%2Fwp%2Fv2%2Fmedia&parent=1128"}],"wp:term":[{"taxonomy":"category","embeddable":true,"href":"https:\/\/reynal.etis-lab.fr\/index.php?rest_route=%2Fwp%2Fv2%2Fcategories&post=1128"},{"taxonomy":"post_tag","embeddable":true,"href":"https:\/\/reynal.etis-lab.fr\/index.php?rest_route=%2Fwp%2Fv2%2Ftags&post=1128"}],"curies":[{"name":"wp","href":"https:\/\/api.w.org\/{rel}","templated":true}]}}