{"id":1096,"date":"2024-10-08T19:31:19","date_gmt":"2024-10-08T17:31:19","guid":{"rendered":"https:\/\/reynal.etis-lab.fr\/?p=1096"},"modified":"2024-10-11T19:34:39","modified_gmt":"2024-10-11T17:34:39","slug":"enseigner-lintime-sans-saigner-journees-agora-cyu","status":"publish","type":"post","link":"https:\/\/reynal.etis-lab.fr\/?p=1096","title":{"rendered":"Enseigner l&#8217;intime sans saigner @ Journ\u00e9es Agora CYU"},"content":{"rendered":"\n<p>Le jeudi 10 octobre prochain je proposerai dans le cadre des Journ\u00e9es du laboratoire Agora (Universit\u00e9 CY Cergy Paris), une intervention autour de la place de l&#8217;intime et du sensible dans l&#8217;enseignement en cursus d&#8217;ing\u00e9nieur. Je pr\u00e9senterai en particulier des r\u00e9sultats d&#8217;exp\u00e9riences-terrain : comment faire de l&#8217;\u00e9motion suscit\u00e9e par un sujet sensible ou pol\u00e9mique un moteur p\u00e9dagogique pour amener les \u00e9tudiant.e.s \u00e0 analyser leurs propres affects ? J&#8217;aborderai \u00e9galement la question des &#8220;trigger warnings&#8221; et de leurs limites et quelques aspects m\u00e9thodologiques permettant d&#8217;accro\u00eetre le sentiment de responsabilit\u00e9 \u00e9thique de chacun dans la classe. J&#8217;interrogerai enfin l&#8217;articulation entre subjectivit\u00e9, technologie et politique dans la post-modernit\u00e9, et la fa\u00e7on dont cette articulation prend un sens particulier dans un cours de philosophie pour ing\u00e9nieurs construit autour du sensible.<\/p>\n","protected":false},"excerpt":{"rendered":"<p>Le jeudi 10 octobre prochain je proposerai dans le cadre des Journ\u00e9es du laboratoire Agora (Universit\u00e9 CY Cergy Paris), une intervention autour de la place de l&#8217;intime et du sensible dans l&#8217;enseignement en cursus d&#8217;ing\u00e9nieur. Je pr\u00e9senterai en particulier des r\u00e9sultats d&#8217;exp\u00e9riences-terrain : comment faire de l&#8217;\u00e9motion suscit\u00e9e par un sujet sensible ou pol\u00e9mique un &hellip; <\/p>\n<p class=\"link-more\"><a href=\"https:\/\/reynal.etis-lab.fr\/?p=1096\" class=\"more-link\">Continue reading<span class=\"screen-reader-text\"> &#8220;Enseigner l&#8217;intime sans saigner @ Journ\u00e9es Agora CYU&#8221;<\/span><\/a><\/p>\n","protected":false},"author":1,"featured_media":0,"comment_status":"closed","ping_status":"open","sticky":false,"template":"","format":"standard","meta":{"footnotes":""},"categories":[1],"tags":[],"class_list":["post-1096","post","type-post","status-publish","format-standard","hentry","category-uncategorized"],"_links":{"self":[{"href":"https:\/\/reynal.etis-lab.fr\/index.php?rest_route=\/wp\/v2\/posts\/1096","targetHints":{"allow":["GET"]}}],"collection":[{"href":"https:\/\/reynal.etis-lab.fr\/index.php?rest_route=\/wp\/v2\/posts"}],"about":[{"href":"https:\/\/reynal.etis-lab.fr\/index.php?rest_route=\/wp\/v2\/types\/post"}],"author":[{"embeddable":true,"href":"https:\/\/reynal.etis-lab.fr\/index.php?rest_route=\/wp\/v2\/users\/1"}],"replies":[{"embeddable":true,"href":"https:\/\/reynal.etis-lab.fr\/index.php?rest_route=%2Fwp%2Fv2%2Fcomments&post=1096"}],"version-history":[{"count":4,"href":"https:\/\/reynal.etis-lab.fr\/index.php?rest_route=\/wp\/v2\/posts\/1096\/revisions"}],"predecessor-version":[{"id":1100,"href":"https:\/\/reynal.etis-lab.fr\/index.php?rest_route=\/wp\/v2\/posts\/1096\/revisions\/1100"}],"wp:attachment":[{"href":"https:\/\/reynal.etis-lab.fr\/index.php?rest_route=%2Fwp%2Fv2%2Fmedia&parent=1096"}],"wp:term":[{"taxonomy":"category","embeddable":true,"href":"https:\/\/reynal.etis-lab.fr\/index.php?rest_route=%2Fwp%2Fv2%2Fcategories&post=1096"},{"taxonomy":"post_tag","embeddable":true,"href":"https:\/\/reynal.etis-lab.fr\/index.php?rest_route=%2Fwp%2Fv2%2Ftags&post=1096"}],"curies":[{"name":"wp","href":"https:\/\/api.w.org\/{rel}","templated":true}]}}