{"id":1,"date":"2015-03-15T17:42:29","date_gmt":"2015-03-15T15:42:29","guid":{"rendered":"http:\/\/www-reynal.ensea.fr\/?p=1"},"modified":"2023-12-13T16:51:22","modified_gmt":"2023-12-13T14:51:22","slug":"hello-world","status":"publish","type":"post","link":"https:\/\/reynal.etis-lab.fr\/?p=1","title":{"rendered":"Rencontres Art &#038; Sciences de la Roche-Guyon &#8211; 21 Mars 2015"},"content":{"rendered":"<p><strong>\u00ab Art et Algorithme \u00bb <\/strong>Partant de collaborations actuelles entre artistes et scientifiques, ces premi\u00e8res rencontres s\u2019int\u00e9resseront \u00e0 la place des technologies dans la recherche, la cr\u00e9ation et l\u2019innovation contemporaines : nanotechnologies, biotechnologies, intelligence artificielle, robotique, parall\u00e8lement au d\u00e9veloppement des sciences cognitives.<\/p>\n<p>Elles interrogeront aussi bien les espoirs de l\u2019algorithmique actuelle que les <em>bogues, erreurs ou accidents \u00ab cr\u00e9atifs \u00bb <\/em>en lien avec des ph\u00e9nom\u00e8nes rares et impr\u00e9visibles, certaines propri\u00e9t\u00e9s \u00e9mergentes des r\u00e9seaux de communication, et les probl\u00e8mes que pose la <em>conservation<\/em> num\u00e9rique ou organique des \u0153uvres d&#8217;art.<\/p>\n<p>Elles seront enfin l\u2019occasion de d\u00e9battre quant au <em>r\u00f4le du citoyen<\/em> dans l\u2019\u00e9laboration des politiques publiques de production et de m\u00e9diation artistiques et scientifiques, \u00e0 l\u2019aube annonc\u00e9e de la prolif\u00e9ration de machines intelligentes capables de jugement esth\u00e9tique, d\u2019\u00e9thique et de d\u00e9cisions artificielles autonomes.<\/p>\n<p>Inscriptions et programme d\u00e9taill\u00e9 sur le <a href=\"http:\/\/reynal.etis-lab.fr\/colloque-lrg\/\">site des rencontres<\/a>\u00a0A&amp;S.<\/p>\n<p><strong>Le comit\u00e9 d&#8217;organisation :<\/strong><\/p>\n<div>\n<ul>\n<li>Jacques-Emile BERTRAND<\/li>\n<li>Yves CHEVALLIER<\/li>\n<li>Sylvain REYNAL<\/li>\n<\/ul>\n<\/div>\n","protected":false},"excerpt":{"rendered":"<p>\u00ab Art et Algorithme \u00bb Partant de collaborations actuelles entre artistes et scientifiques, ces premi\u00e8res rencontres s\u2019int\u00e9resseront \u00e0 la place des technologies dans la recherche, la cr\u00e9ation et l\u2019innovation contemporaines : nanotechnologies, biotechnologies, intelligence artificielle, robotique, parall\u00e8lement au d\u00e9veloppement des sciences cognitives. Elles interrogeront aussi bien les espoirs de l\u2019algorithmique actuelle que les bogues, erreurs &hellip; <\/p>\n<p class=\"link-more\"><a href=\"https:\/\/reynal.etis-lab.fr\/?p=1\" class=\"more-link\">Continue reading<span class=\"screen-reader-text\"> &#8220;Rencontres Art &#038; Sciences de la Roche-Guyon &#8211; 21 Mars 2015&#8221;<\/span><\/a><\/p>\n","protected":false},"author":1,"featured_media":0,"comment_status":"closed","ping_status":"open","sticky":false,"template":"","format":"standard","meta":{"footnotes":""},"categories":[5],"tags":[7,8,10,11,12],"class_list":["post-1","post","type-post","status-publish","format-standard","hentry","category-art-science","tag-algorithme","tag-art","tag-conservation","tag-ecole-dart-de-cergy","tag-etis"],"_links":{"self":[{"href":"https:\/\/reynal.etis-lab.fr\/index.php?rest_route=\/wp\/v2\/posts\/1","targetHints":{"allow":["GET"]}}],"collection":[{"href":"https:\/\/reynal.etis-lab.fr\/index.php?rest_route=\/wp\/v2\/posts"}],"about":[{"href":"https:\/\/reynal.etis-lab.fr\/index.php?rest_route=\/wp\/v2\/types\/post"}],"author":[{"embeddable":true,"href":"https:\/\/reynal.etis-lab.fr\/index.php?rest_route=\/wp\/v2\/users\/1"}],"replies":[{"embeddable":true,"href":"https:\/\/reynal.etis-lab.fr\/index.php?rest_route=%2Fwp%2Fv2%2Fcomments&post=1"}],"version-history":[{"count":4,"href":"https:\/\/reynal.etis-lab.fr\/index.php?rest_route=\/wp\/v2\/posts\/1\/revisions"}],"predecessor-version":[{"id":1012,"href":"https:\/\/reynal.etis-lab.fr\/index.php?rest_route=\/wp\/v2\/posts\/1\/revisions\/1012"}],"wp:attachment":[{"href":"https:\/\/reynal.etis-lab.fr\/index.php?rest_route=%2Fwp%2Fv2%2Fmedia&parent=1"}],"wp:term":[{"taxonomy":"category","embeddable":true,"href":"https:\/\/reynal.etis-lab.fr\/index.php?rest_route=%2Fwp%2Fv2%2Fcategories&post=1"},{"taxonomy":"post_tag","embeddable":true,"href":"https:\/\/reynal.etis-lab.fr\/index.php?rest_route=%2Fwp%2Fv2%2Ftags&post=1"}],"curies":[{"name":"wp","href":"https:\/\/api.w.org\/{rel}","templated":true}]}}